{"id":233,"date":"2015-06-02T17:04:33","date_gmt":"2015-06-02T17:04:33","guid":{"rendered":"http:\/\/www.studiopiantella.com\/?p=233"},"modified":"2015-06-02T17:06:11","modified_gmt":"2015-06-02T17:06:11","slug":"bilancio-abbreviato","status":"publish","type":"post","link":"https:\/\/www.studiopiantella.it\/fr\/doc\/art\/bilancio-abbreviato\/","title":{"rendered":"Bilancio abbreviato"},"content":{"rendered":"<p class=\"articoli_domanda\"><strong>Bilancio abbreviato<\/strong><br \/>\nNon mi sembra di avere ancora letto alcuna novit\u00e0 in merito alla variazione dei limiti dimensionali riferibili alla facolt\u00e0 di redigere il bilancio in forma abbreviata. \u00c8 possibile avere dei chiarimenti in merito allo stato attuale della normativa<\/p>\n<p class=\"text\" style=\"text-align: left;\" align=\"right\">L.M.<\/p>\n<p class=\"articoli_risposta\"><strong>Risponde Pier Luigi Marchini <\/strong><\/p>\n<p>In realt\u00e0, i parametri dimensionali per la redazione del bilancio in forma abbreviata sono stati modificati sul finire del 2006. Il D. Lgs. 285 del 7 novembre 2006, in vigore dal 12 dicembre 2006 ha attuato la direttiva 2003\/38\/CE introducendo la previsione normativa di innalzamento dei limiti per la redazione del bilancio abbreviato, bilancio che consente l\u2019omissione e l\u2019accorpamento di alcune voci dello stato patrimoniale e del conto economico, cos\u00ec come una minore informativa all\u2019interno della nota integrativa<em>.<\/em><br \/>\nPertanto, la novellata disciplina consente di predisporre il bilancio in forma abbreviata a quelle societ\u00e0 di capitali che, nel corso del primo esercizio sociale, ovvero per due esercizi consecutivi, non abbiano superato due dei seguenti limiti:<\/p>\n<ul class=\"articoli_risposta\">\n<li>3.650.000 euro per il totale dell\u2019attivo dello stato patrimoniale (in precedenza 3.125.000 euro);<\/li>\n<li><em>7.300.000 per i ricavi delle vendite e delle prestazioni (in precedenza 6.250.000 euro);<\/em><\/li>\n<li><em>50 unit\u00e0 di lavoratori dipendenti.<\/em><\/li>\n<\/ul>\n<p class=\"articoli_risposta\">Il decreto non ha previsto una decorrenza o una disciplina transitoria. Pertanto, i nuovi limiti sono immediatamente applicabili e sono validi con riferimento ai bilanci non ancora approvati alla data di pubblicazione del decreto sulla Gazzetta Ufficiale, tenendo conto anche dei 15 giorni successivi alla pubblicazione. In sostanza, i bilanci approvati prima del 12 dicembre 2006 devono tenere conto dei vecchi limiti, mentre quelli approvati dopo fanno riferimento ai nuovi parametri.<\/p>\n<p class=\"articoli_risposta\"><span style=\"color: #bf0a0a;\"><em>In questa sezione sono presenti le risposte del <strong>dott. Pier Luigi Marchini<\/strong> pubblicate sul quotidiano economico-finanziario<strong> \u00ab\u00a0Italia Oggi\u00a0\u00bb<\/strong> all&rsquo;interno della Rubrica<strong> \u00ab\u00a0Il Quesitario\u00a0\u00bb.<\/strong><\/em><\/span><\/p>\n","protected":false},"excerpt":{"rendered":"<p>Bilancio abbreviato Non mi sembra di avere ancora letto alcuna novit\u00e0 in merito alla variazione dei limiti dimensionali riferibili alla facolt\u00e0 di redigere il bilancio in forma abbreviata. \u00c8 possibile avere dei chiarimenti in merito allo stato attuale della normativa L.M. Risponde Pier Luigi Marchini In realt\u00e0, i parametri dimensionali per la redazione del bilancio <a class=\"more-link\" href=\"https:\/\/www.studiopiantella.it\/fr\/doc\/art\/bilancio-abbreviato\/\">Leggi tutto &#8230;<\/a><\/p>\n","protected":false},"author":1,"featured_media":226,"comment_status":"open","ping_status":"open","sticky":false,"template":"","format":"standard","meta":{"_monsterinsights_skip_tracking":false,"jetpack_post_was_ever_published":false,"_jetpack_newsletter_access":"","jetpack_publicize_message":"","jetpack_is_tweetstorm":false,"jetpack_publicize_feature_enabled":true,"jetpack_social_post_already_shared":true,"jetpack_social_options":{"image_generator_settings":{"template":"highway","enabled":false}}},"categories":[11],"tags":[],"jetpack_publicize_connections":[],"aioseo_notices":[],"jetpack_featured_media_url":"https:\/\/i0.wp.com\/www.studiopiantella.it\/fr\/wp-content\/uploads\/2015\/06\/articoli_icon.jpg?fit=130%2C130&ssl=1","jetpack_sharing_enabled":true,"jetpack_shortlink":"https:\/\/wp.me\/pb6edk-3L","jetpack-related-posts":[{"id":1369,"url":"https:\/\/www.studiopiantella.it\/fr\/news\/bilanci-2016-rinnovata-linformativa-nella-nota-integrativa-abbreviata\/","url_meta":{"origin":233,"position":0},"title":"Bilanci 2016: rinnovata l\u2019informativa nella Nota integrativa abbreviata","author":"PL Bisaschi","date":"avril 4, 2017","format":false,"excerpt":"La qualit\u00e0 dell\u2019informativa della Nota integrativa abbreviata in passato \u00e8 stata spesso criticata, poich\u00e9 tra le semplificazioni consentite dall\u2019art. 2435-bis c.c. vi era la possibilit\u00e0 di omettere numerosi punti dell\u2019art. 2427 c.c., tra i quali alcuni ritenuti importanti al fine di consentire ai destinatari del bilancio di valutare lo stato\u2026","rel":"","context":"Dans &quot;News&quot;","block_context":{"text":"News","link":"https:\/\/www.studiopiantella.it\/fr\/category\/news\/"},"img":{"alt_text":"","src":"","width":0,"height":0},"classes":[]},{"id":1379,"url":"https:\/\/www.studiopiantella.it\/fr\/news\/le-semplificazioni-per-abbreviati-e-micro-imprese-si-applicano-subito\/","url_meta":{"origin":233,"position":1},"title":"Le semplificazioni per abbreviati e micro imprese si applicano subito \u00a0","author":"PL Bisaschi","date":"avril 4, 2017","format":false,"excerpt":"Il documento pubblicato da CNDCEC e Confindustria il 29 marzo 2017, contenente alcune soluzioni operative ai fini della prima applicazione del DLgs. 139\/2015 e dei nuovi principi contabili nazionali, fornisce indicazioni anche in riferimento ai bilanci\u00a0abbreviati e alle micro imprese. Sotto questo profilo, l\u2019aspetto maggiormente interessante attiene alla decorrenza delle\u2026","rel":"","context":"Dans &quot;News&quot;","block_context":{"text":"News","link":"https:\/\/www.studiopiantella.it\/fr\/category\/news\/"},"img":{"alt_text":"","src":"","width":0,"height":0},"classes":[]},{"id":1243,"url":"https:\/\/www.studiopiantella.it\/fr\/news\/piu-tempo-per-redigere-il-bilancio-2016\/","url_meta":{"origin":233,"position":2},"title":"Pi\u00f9 tempo per redigere il bilancio 2016","author":"PL Bisaschi","date":"janvier 28, 2017","format":false,"excerpt":"La nuova disciplina del bilancio e i nuovi OIC approvati a fine 2016 costituiscono una valida giustificazione per derogare al termine ordinario di approvazione del bilancio e convocare l\u2019assemblea entro il maggior termine di 180 giorni: \u00e8 questa la conclusione a cui \u00e8 giunta la Commissione per lo studio dei\u2026","rel":"","context":"Dans &quot;News&quot;","block_context":{"text":"News","link":"https:\/\/www.studiopiantella.it\/fr\/category\/news\/"},"img":{"alt_text":"","src":"","width":0,"height":0},"classes":[]},{"id":1253,"url":"https:\/\/www.studiopiantella.it\/fr\/news\/i-dati-contabili-non-sono-sempre-vincolanti-per-il-fallimento\/","url_meta":{"origin":233,"position":3},"title":"I dati contabili non sono sempre vincolanti per il fallimento","author":"PL Bisaschi","date":"janvier 28, 2017","format":false,"excerpt":"La Cassazione torna sul tema dell\u2019accertamento dei limiti dimensionali previsti dall\u2019art. 1 L. fall. (RD 267\/42), dopo alcuni suoi interventi recenti che non sembravano del tutto allineati, e sembra confermare l\u2019indicazione per cui le registrazioni contabili da cui deve muovere tale accertamento non sono del tutto vincolanti, se non esprimono\u2026","rel":"","context":"Dans &quot;News&quot;","block_context":{"text":"News","link":"https:\/\/www.studiopiantella.it\/fr\/category\/news\/"},"img":{"alt_text":"","src":"","width":0,"height":0},"classes":[]},{"id":1245,"url":"https:\/\/www.studiopiantella.it\/fr\/news\/il-bilancio-abbreviato-semplifica-gli-schemi-di-stato-patrimoniale-e-conto-economico\/","url_meta":{"origin":233,"position":4},"title":"Il bilancio abbreviato semplifica gli schemi di Stato patrimoniale e Conto economico","author":"PL Bisaschi","date":"janvier 28, 2017","format":false,"excerpt":"Il bilancio in forma abbreviata pu\u00f2 essere predisposto fruendo di alcune semplificazioni rispetto al bilancio redatto in forma ordinaria. Tali semplificazioni attengono, in primo luogo, agli schemi di Stato patrimoniale e Conto economico, nonch\u00e9 ai documenti che compongono il bilancio. Entrambi gli aspetti sono stati modificati dal DLgs. 139\/2015. \u00a0\u2026","rel":"","context":"Dans &quot;News&quot;","block_context":{"text":"News","link":"https:\/\/www.studiopiantella.it\/fr\/category\/news\/"},"img":{"alt_text":"","src":"","width":0,"height":0},"classes":[]},{"id":1279,"url":"https:\/\/www.studiopiantella.it\/fr\/news\/bilancio-2016-si-riapre-la-strada-per-la-semplificazione\/","url_meta":{"origin":233,"position":5},"title":"Bilancio 2016, si riapre la strada per la semplificazione","author":"PL Bisaschi","date":"f\u00e9vrier 7, 2017","format":false,"excerpt":"Il Governo ha depositato ieri in Commissione Affari Costituzionali del Senato un pacchetto di emendamenti al disegno di legge di conversione del DL 244\/2016, recante proroga e definizione di termini (c.d. Milleproroghe), che dovrebbero essere messi al voto dalla prossima settimana, dato che il termine per la presentazione di eventuali\u2026","rel":"","context":"Dans &quot;News&quot;","block_context":{"text":"News","link":"https:\/\/www.studiopiantella.it\/fr\/category\/news\/"},"img":{"alt_text":"","src":"","width":0,"height":0},"classes":[]}],"_links":{"self":[{"href":"https:\/\/www.studiopiantella.it\/fr\/wp-json\/wp\/v2\/posts\/233"}],"collection":[{"href":"https:\/\/www.studiopiantella.it\/fr\/wp-json\/wp\/v2\/posts"}],"about":[{"href":"https:\/\/www.studiopiantella.it\/fr\/wp-json\/wp\/v2\/types\/post"}],"author":[{"embeddable":true,"href":"https:\/\/www.studiopiantella.it\/fr\/wp-json\/wp\/v2\/users\/1"}],"replies":[{"embeddable":true,"href":"https:\/\/www.studiopiantella.it\/fr\/wp-json\/wp\/v2\/comments?post=233"}],"version-history":[{"count":2,"href":"https:\/\/www.studiopiantella.it\/fr\/wp-json\/wp\/v2\/posts\/233\/revisions"}],"predecessor-version":[{"id":236,"href":"https:\/\/www.studiopiantella.it\/fr\/wp-json\/wp\/v2\/posts\/233\/revisions\/236"}],"wp:featuredmedia":[{"embeddable":true,"href":"https:\/\/www.studiopiantella.it\/fr\/wp-json\/wp\/v2\/media\/226"}],"wp:attachment":[{"href":"https:\/\/www.studiopiantella.it\/fr\/wp-json\/wp\/v2\/media?parent=233"}],"wp:term":[{"taxonomy":"category","embeddable":true,"href":"https:\/\/www.studiopiantella.it\/fr\/wp-json\/wp\/v2\/categories?post=233"},{"taxonomy":"post_tag","embeddable":true,"href":"https:\/\/www.studiopiantella.it\/fr\/wp-json\/wp\/v2\/tags?post=233"}],"curies":[{"name":"wp","href":"https:\/\/api.w.org\/{rel}","templated":true}]}}